{"id":2421,"date":"2026-04-30T09:32:37","date_gmt":"2026-04-30T09:32:37","guid":{"rendered":"https:\/\/round.be\/?p=2421"},"modified":"2026-04-30T09:39:53","modified_gmt":"2026-04-30T09:39:53","slug":"erreurs-de-tri-recupellez-vos-appareils-electriques","status":"publish","type":"post","link":"https:\/\/round.be\/fr-be\/erreurs-de-tri-recupellez-vos-appareils-electriques\/","title":{"rendered":"Erreurs de tri : Recupel invite les Belges \u00e0 \u00abRecupeller\u00bb leurs appareils \u00e9lectriques correctement"},"content":{"rendered":"\n<h4 class=\"wp-block-heading\" style=\"padding-top:0;padding-bottom:var(--wp--preset--spacing--20)\">Une r\u00e9cente \u00e9tude r\u00e9alis\u00e9e pour Recupel montre que les d\u00e9chets \u00e9lectriques sont encore trop souvent mal tri\u00e9s.<\/h4>\n\n\n\n<div class=\"wp-block-columns is-layout-flex wp-container-core-columns-is-layout-28f84493 wp-block-columns-is-layout-flex\">\n<div class=\"wp-block-column is-layout-flow wp-block-column-is-layout-flow\">\n<div class=\"wp-block-columns is-layout-flex wp-container-core-columns-is-layout-28f84493 wp-block-columns-is-layout-flex\">\n<div class=\"wp-block-column is-vertically-aligned-center is-layout-flow wp-block-column-is-layout-flow\">\n<p class=\"has-contrast-color has-text-color has-link-color wp-elements-19c8f5df01cb0085aaa35ac2d51fd476\" style=\"padding-bottom:var(--wp--preset--spacing--10)\">Une r\u00e9cente \u00e9tude de march\u00e9 r\u00e9alis\u00e9e pour Recupel montre que les d\u00e9chets \u00e9lectriques sont encore trop souvent mal tri\u00e9s. C\u2019est dommage, car un bon tri permet de r\u00e9cup\u00e9rer les mat\u00e9riaux qui composent un appareil, d\u2019extraire moins de nouvelles mati\u00e8res premi\u00e8res et d\u2019\u00f4ter de mani\u00e8re s\u00fbre les substances polluantes que nos vieux \u00e9lectros peuvent contenir. La nouvelle campagne de sensibilisation de Recupel, qui a pour but d&rsquo;aider davantage les consommateurs \u00e0 trier correctement leurs appareils \u00e9lectriques, d\u00e9marre aujourd\u2019hui \u00e0 l\u2019occasion de la Journ\u00e9e de la Terre (Earth Day), journ\u00e9e internationale consacr\u00e9e \u00e0 la protection de l&rsquo;environnement.<\/p>\n<\/div>\n<\/div>\n<\/div>\n<\/div>\n\n\n\n<p style=\"padding-bottom:0\">Les appareils \u00e9lectriques et \u00e9lectroniques ont connu une v\u00e9ritable m\u00e9tamorphose ces derni\u00e8res ann\u00e9es. D\u2019une part, de plus en plus de mod\u00e8les arrivent sur le march\u00e9 ; d\u2019autre part, ils ne sont pas toujours reconnaissables comme des appareils \u00e9lectriques.<\/p>\n\n\n\n<figure class=\"wp-block-pullquote\"><blockquote><p>\u201cAlors qu\u2019autrefois les appareils \u00e9taient souvent munis d\u2019un c\u00e2ble visible, ce n\u2019est plus le cas aujourd\u2019hui. De nombreux appareils, comme les jouets \u00e9lectriques, sont rechargeables et contiennent une batterie lithium-ion int\u00e9gr\u00e9e. Ils sont donc moins facilement identifiables par les consommateurs comme des d\u00e9chets \u00e9lectriques \u00e0 rapporter s\u00e9par\u00e9ment pour recyclage, ce qui entra\u00eene des erreurs de tri\u00a0\u00bb<\/p><cite><strong>Eric Dewaet, CEO de Recupel<\/strong><\/cite><\/blockquote><\/figure>\n\n\n\n<h3 class=\"wp-block-heading has-custom-bgblue-color has-text-color has-link-color wp-elements-94b3a90423dc6b05581a4c299b49057c\" style=\"padding-bottom:var(--wp--preset--spacing--10)\">Un Belge sur 10 jetterait les c\u00e2bles et chargeurs avec les d\u00e9chets r\u00e9siduels ou dans le sac PMC<\/h3>\n\n\n\n<p style=\"padding-bottom:var(--wp--preset--spacing--10)\">L\u2019\u00e9tude r\u00e9alis\u00e9e par iVOX aupr\u00e8s de 1000 Belges* montre que de nombreux consommateurs ont des difficult\u00e9s \u00e0 reconna\u00eetre les appareils \u00e9lectriques. Les petits appareils \u00e9lectriques tels que les brosses \u00e0 dents \u00e9lectriques, les lampes de v\u00e9lo ou les jouets \u00e9lectriques se retrouvent encore trop souvent dans le sac PMC ou avec les d\u00e9chets r\u00e9siduels, ce qui peut avoir des cons\u00e9quences potentiellement dangereuses.<\/p>\n\n\n\n<p style=\"padding-bottom:var(--wp--preset--spacing--10)\">Quelques chiffres marquants : <\/p>\n\n\n\n<ul class=\"wp-block-list\">\n<li style=\"padding-bottom:var(--wp--preset--spacing--10)\"><strong>1 personne sur 7&nbsp;<\/strong>jetterait une lampe de v\u00e9lo avec les d\u00e9chets r\u00e9siduels ou le PMC<\/li>\n\n\n\n<li style=\"padding-bottom:var(--wp--preset--spacing--10)\"><strong>1 personne sur 10<\/strong>&nbsp;jetterait des c\u00e2bles et chargeurs avec les d\u00e9chets r\u00e9siduels ou le PMC<\/li>\n\n\n\n<li style=\"padding-bottom:var(--wp--preset--spacing--10)\">L&rsquo;incertitude r\u00e8gne quant \u00e0 la petite voiture en plastique sans piles :\n<ul class=\"wp-block-list\">\n<li><strong>\u200b \u200b21 %<\/strong> la jetteraient avec les d\u00e9chets r\u00e9siduels<\/li>\n\n\n\n<li>\u200b<strong> \u200b25 %<\/strong> dans le PMC<\/li>\n\n\n\n<li><strong>\u200b \u200b34 %<\/strong> l\u2019apporteraient au parc \u00e0 conteneurs ou au recyparc.<\/li>\n<\/ul>\n<\/li>\n\n\n\n<li style=\"padding-bottom:var(--wp--preset--spacing--10)\"><strong>Un quart des r\u00e9pondants<\/strong>&nbsp;estime que ce sont surtout les entreprises et les grandes organisations, comme les \u00e9coles et les h\u00f4pitaux, qui doivent recycler, et que, en tant qu\u2019individu, ils ne feront pas une grande diff\u00e9rence s\u2019ils ne recyclent pas de temps en temps.<\/li>\n\n\n\n<li style=\"padding-bottom:var(--wp--preset--spacing--10)\"><strong>1 personne sur 5<\/strong>&nbsp;estime qu&rsquo;il n&rsquo;y a pas de mal \u00e0 jeter de petits appareils \u00e9lectriques, comme des \u00e9couteurs sans fil, avec les d\u00e9chets r\u00e9siduels.<\/li>\n\n\n\n<li style=\"padding-bottom:var(--wp--preset--spacing--20)\"><strong>Pr\u00e8s de 4 personnes sur 10&nbsp;<\/strong>connaissent quelqu\u2019un dans leur entourage qui jette parfois de petits appareils \u00e9lectriques avec les d\u00e9chets r\u00e9siduels (<strong>63 %<\/strong>&nbsp;parce que c\u2019est plus facile, 37 % parce qu\u2019ils pensent que ce n\u2019est pas grave).<\/li>\n<\/ul>\n\n\n\n<h3 class=\"wp-block-heading has-custom-bgblue-color has-text-color has-link-color wp-elements-bfac45eeb81e75e11ab2e0153db12459\" style=\"padding-bottom:var(--wp--preset--spacing--10)\">Une campagne pour rendre visible l\u2019\u00e9lectro \u00ab invisible \u00bb<\/h3>\n\n\n\n<p style=\"padding-bottom:var(--wp--preset--spacing--10)\">Avec cette nouvelle campagne, Recupel souhaite rendre l&rsquo;\u00ab \u00e9lectro invisible \u00bb visible et faciliter le recyclage correct pour tous.<\/p>\n\n\n\n<p style=\"padding-bottom:var(--wp--preset--spacing--10)\">La campagne explique de mani\u00e8re ludique mais p\u00e9dagogique ce qu\u2019est un appareil \u00e9lectrique, \u00e0 l\u2019aide de trois questions simples :<\/p>\n\n\n\n<ul class=\"wp-block-list\">\n<li style=\"padding-bottom:var(--wp--preset--spacing--10)\">\u00c7a s&rsquo;allume ?<\/li>\n\n\n\n<li style=\"padding-bottom:var(--wp--preset--spacing--10)\">\u00c7a se branche ?<\/li>\n\n\n\n<li style=\"padding-bottom:var(--wp--preset--spacing--20)\">\u00c7a se charge ?<\/li>\n<\/ul>\n\n\n\n<p style=\"padding-bottom:var(--wp--preset--spacing--10)\">Si la r\u00e9ponse est \u00ab oui \u00bb, il doit \u00eatre recycl\u00e9.<\/p>\n\n\n\n<div class=\"wp-block-columns is-layout-flex wp-container-core-columns-is-layout-28f84493 wp-block-columns-is-layout-flex\">\n<div class=\"wp-block-column is-layout-flow wp-block-column-is-layout-flow\">\n<figure class=\"wp-block-gallery has-nested-images columns-default is-cropped wp-block-gallery-1 is-layout-flex wp-block-gallery-is-layout-flex\">\n<figure class=\"wp-block-image size-large\"><img loading=\"lazy\" decoding=\"async\" width=\"819\" height=\"1024\" data-id=\"2440\" src=\"https:\/\/round.be\/wp-content\/uploads\/2026\/04\/Recupel-GSM-FR-1-819x1024.jpg\" alt=\"\" class=\"wp-image-2440\" srcset=\"https:\/\/round.be\/wp-content\/uploads\/2026\/04\/Recupel-GSM-FR-1-819x1024.jpg 819w, https:\/\/round.be\/wp-content\/uploads\/2026\/04\/Recupel-GSM-FR-1-240x300.jpg 240w, https:\/\/round.be\/wp-content\/uploads\/2026\/04\/Recupel-GSM-FR-1-768x960.jpg 768w, https:\/\/round.be\/wp-content\/uploads\/2026\/04\/Recupel-GSM-FR-1.jpg 1080w\" sizes=\"auto, (max-width: 819px) 100vw, 819px\" \/><\/figure>\n<\/figure>\n<\/div>\n\n\n\n<div class=\"wp-block-column is-layout-flow wp-block-column-is-layout-flow\">\n<figure class=\"wp-block-gallery has-nested-images columns-default is-cropped wp-block-gallery-2 is-layout-flex wp-block-gallery-is-layout-flex\">\n<figure class=\"wp-block-image size-large\"><img loading=\"lazy\" decoding=\"async\" width=\"819\" height=\"1024\" data-id=\"2434\" src=\"https:\/\/round.be\/wp-content\/uploads\/2026\/04\/Recupel-GameBoy-FR-819x1024.jpg\" alt=\"\" class=\"wp-image-2434\" srcset=\"https:\/\/round.be\/wp-content\/uploads\/2026\/04\/Recupel-GameBoy-FR-819x1024.jpg 819w, https:\/\/round.be\/wp-content\/uploads\/2026\/04\/Recupel-GameBoy-FR-240x300.jpg 240w, https:\/\/round.be\/wp-content\/uploads\/2026\/04\/Recupel-GameBoy-FR-768x960.jpg 768w, https:\/\/round.be\/wp-content\/uploads\/2026\/04\/Recupel-GameBoy-FR.jpg 1080w\" sizes=\"auto, (max-width: 819px) 100vw, 819px\" \/><\/figure>\n<\/figure>\n<\/div>\n\n\n\n<div class=\"wp-block-column is-layout-flow wp-block-column-is-layout-flow\">\n<figure class=\"wp-block-gallery has-nested-images columns-default is-cropped wp-block-gallery-3 is-layout-flex wp-block-gallery-is-layout-flex\">\n<figure class=\"wp-block-image size-large\"><img loading=\"lazy\" decoding=\"async\" width=\"819\" height=\"1024\" data-id=\"2431\" src=\"https:\/\/round.be\/wp-content\/uploads\/2026\/04\/Recupel-BabyPhone-FR-819x1024.jpg\" alt=\"\" class=\"wp-image-2431\" srcset=\"https:\/\/round.be\/wp-content\/uploads\/2026\/04\/Recupel-BabyPhone-FR-819x1024.jpg 819w, https:\/\/round.be\/wp-content\/uploads\/2026\/04\/Recupel-BabyPhone-FR-240x300.jpg 240w, https:\/\/round.be\/wp-content\/uploads\/2026\/04\/Recupel-BabyPhone-FR-768x960.jpg 768w, https:\/\/round.be\/wp-content\/uploads\/2026\/04\/Recupel-BabyPhone-FR.jpg 1080w\" sizes=\"auto, (max-width: 819px) 100vw, 819px\" \/><\/figure>\n<\/figure>\n<\/div>\n<\/div>\n\n\n\n<h3 class=\"wp-block-heading has-custom-bgblue-color has-text-color has-link-color wp-elements-a84d55c2dd6eff088a4a98f3a35c6409\" style=\"padding-top:var(--wp--preset--spacing--10);padding-bottom:var(--wp--preset--spacing--10)\">\u00ab Recupeller \u00bb comme nouveau verbe<\/h3>\n\n\n\n<p style=\"padding-bottom:var(--wp--preset--spacing--20)\">Avec cette campagne, Recupel introduit \u00e9galement une nouveaut\u00e9 marquante : le verbe \u00ab <strong>Recupeller<\/strong>&nbsp;\u00bb. L\u2019objectif est d\u2019ancrer durablement le geste de rapporter correctement les appareils \u00e9lectriques dans le langage et le comportement quotidiens des consommateurs.<\/p>\n\n\n\n<h3 class=\"wp-block-heading has-custom-bgblue-color has-text-color has-link-color wp-elements-b43d1f3d4501738e88ad639f065a42e2\" style=\"padding-bottom:var(--wp--preset--spacing--10)\">Une campagne soutenue par la musique<\/h3>\n\n\n\n<p style=\"padding-bottom:var(--wp--preset--spacing--20)\">Pour renforcer son message, Recupel s\u2019est associ\u00e9 au Th\u00e9\u00e2tre Royal de la Monnaie et \u00e0 son ch\u0153ur Cassandra Koor, un ensemble amateur engag\u00e9 dirig\u00e9 par Laurence Renson. On peut notamment les entendre dans les spots radio, o\u00f9 ils apportent \u00e0 la campagne une signature sonore \u00e0 la fois marquante et imm\u00e9diatement reconnaissable.<\/p>\n\n\n\n<p style=\"padding-bottom:var(--wp--preset--spacing--20)\">\u00c0 travers le chant, le ch\u0153ur Cassandra Koor s\u2019engage pour les grands enjeux soci\u00e9taux de notre \u00e9poque : la d\u00e9fense des droits humains, la coh\u00e9sion sociale, ainsi que la protection de l\u2019environnement et du climat. Une d\u00e9marche qui fait \u00e9cho \u00e0 celle de la Monnaie qui \u0153uvre \u00e0 r\u00e9duire son empreinte environnementale, dans une volont\u00e9 de respect du vivant, des mati\u00e8res et des mat\u00e9riaux.<\/p>\n\n\n\n<figure class=\"wp-block-embed is-type-video is-provider-youtube wp-block-embed-youtube wp-embed-aspect-16-9 wp-has-aspect-ratio\"><div class=\"wp-block-embed__wrapper\">\n<iframe loading=\"lazy\" title=\"Un vieux GSM qu&#039;on ne d\u00e9croche plus ? Ne le jetez pas !\" width=\"500\" height=\"281\" src=\"https:\/\/www.youtube.com\/embed\/QeRqU2LMW_s?list=PLb8wXNyt90wejNRMV2Oz0hyDcXKsvXJCM\" frameborder=\"0\" allow=\"accelerometer; autoplay; clipboard-write; encrypted-media; gyroscope; picture-in-picture; web-share\" referrerpolicy=\"strict-origin-when-cross-origin\" allowfullscreen><\/iframe>\n<\/div><\/figure>\n\n\n\n<p class=\"has-small-font-size\" style=\"padding-top:var(--wp--preset--spacing--10);padding-bottom:var(--wp--preset--spacing--10)\"><em>*Le bureau d\u2019\u00e9tudes iVOX a r\u00e9alis\u00e9 une enqu\u00eate en ligne pour le compte de Recupel entre le 14 et le 19 avril 2026 aupr\u00e8s de 1 000 Belges, repr\u00e9sentatifs en termes de sexe, d\u2019\u00e2ge, de dipl\u00f4me et de r\u00e9gion.<\/em><\/p>\n\n\n\n<p><\/p>\n","protected":false},"excerpt":{"rendered":"<p>Une r\u00e9cente \u00e9tude r\u00e9alis\u00e9e pour Recupel montre que les d\u00e9chets \u00e9lectriques sont encore trop souvent mal tri\u00e9s. Une r\u00e9cente \u00e9tude de march\u00e9 r\u00e9alis\u00e9e pour Recupel montre que les d\u00e9chets \u00e9lectriques sont encore trop souvent mal tri\u00e9s. C\u2019est dommage, car un bon tri permet de r\u00e9cup\u00e9rer les mat\u00e9riaux qui composent un appareil, d\u2019extraire moins de nouvelles [&hellip;]<\/p>\n","protected":false},"author":12,"featured_media":2456,"comment_status":"open","ping_status":"closed","sticky":false,"template":"","format":"standard","meta":{"_acf_changed":false,"_uag_custom_page_level_css":"","footnotes":""},"categories":[21],"tags":[],"class_list":["post-2421","post","type-post","status-publish","format-standard","has-post-thumbnail","hentry","category-campaigns-fr-be"],"acf":[],"yoast_head":"<!-- This site is optimized with the Yoast SEO plugin v27.5 - https:\/\/yoast.com\/product\/yoast-seo-wordpress\/ -->\n<title>Erreurs de tri : Recupel invite les Belges \u00e0 \u00abRecupeller\u00bb leurs appareils \u00e9lectriques correctement - Round<\/title>\n<meta name=\"description\" content=\"Une r\u00e9cente \u00e9tude r\u00e9alis\u00e9e pour Recupel montre que les d\u00e9chets \u00e9lectriques sont encore trop souvent mal tri\u00e9s.\" \/>\n<meta name=\"robots\" content=\"index, follow, max-snippet:-1, max-image-preview:large, max-video-preview:-1\" \/>\n<link rel=\"canonical\" href=\"https:\/\/round.be\/fr-be\/erreurs-de-tri-recupellez-vos-appareils-electriques\/\" \/>\n<meta property=\"og:locale\" content=\"fr_FR\" \/>\n<meta property=\"og:type\" content=\"article\" \/>\n<meta property=\"og:title\" content=\"Erreurs de tri : Recupel invite les Belges \u00e0 \u00abRecupeller\u00bb leurs appareils \u00e9lectriques correctement - Round\" \/>\n<meta property=\"og:description\" content=\"Une r\u00e9cente \u00e9tude r\u00e9alis\u00e9e pour Recupel montre que les d\u00e9chets \u00e9lectriques sont encore trop souvent mal tri\u00e9s.\" \/>\n<meta property=\"og:url\" content=\"https:\/\/round.be\/fr-be\/erreurs-de-tri-recupellez-vos-appareils-electriques\/\" \/>\n<meta property=\"og:site_name\" content=\"Round\" \/>\n<meta property=\"article:published_time\" content=\"2026-04-30T09:32:37+00:00\" \/>\n<meta property=\"article:modified_time\" content=\"2026-04-30T09:39:53+00:00\" \/>\n<meta property=\"og:image\" content=\"https:\/\/round.be\/wp-content\/uploads\/2026\/04\/Clavier-Final-1.png\" \/>\n\t<meta property=\"og:image:width\" content=\"1725\" \/>\n\t<meta property=\"og:image:height\" content=\"1270\" \/>\n\t<meta property=\"og:image:type\" content=\"image\/png\" \/>\n<meta name=\"author\" content=\"Chiara Rozenberg\" \/>\n<meta name=\"twitter:card\" content=\"summary_large_image\" \/>\n<meta name=\"twitter:label1\" content=\"\u00c9crit par\" \/>\n\t<meta name=\"twitter:data1\" content=\"Chiara Rozenberg\" \/>\n\t<meta name=\"twitter:label2\" content=\"Dur\u00e9e de lecture est.\" \/>\n\t<meta name=\"twitter:data2\" content=\"4 minutes\" \/>\n<script type=\"application\/ld+json\" class=\"yoast-schema-graph\">{\"@context\":\"https:\\\/\\\/schema.org\",\"@graph\":[{\"@type\":\"Article\",\"@id\":\"https:\\\/\\\/round.be\\\/fr-be\\\/erreurs-de-tri-recupellez-vos-appareils-electriques\\\/#article\",\"isPartOf\":{\"@id\":\"https:\\\/\\\/round.be\\\/fr-be\\\/erreurs-de-tri-recupellez-vos-appareils-electriques\\\/\"},\"author\":{\"name\":\"Chiara Rozenberg\",\"@id\":\"https:\\\/\\\/round.be\\\/fr-be\\\/#\\\/schema\\\/person\\\/7ce23f2c5f0d603cfa5e2561833c1e34\"},\"headline\":\"Erreurs de tri : Recupel invite les Belges \u00e0 \u00abRecupeller\u00bb leurs appareils \u00e9lectriques correctement\",\"datePublished\":\"2026-04-30T09:32:37+00:00\",\"dateModified\":\"2026-04-30T09:39:53+00:00\",\"mainEntityOfPage\":{\"@id\":\"https:\\\/\\\/round.be\\\/fr-be\\\/erreurs-de-tri-recupellez-vos-appareils-electriques\\\/\"},\"wordCount\":839,\"commentCount\":0,\"publisher\":{\"@id\":\"https:\\\/\\\/round.be\\\/fr-be\\\/#organization\"},\"image\":{\"@id\":\"https:\\\/\\\/round.be\\\/fr-be\\\/erreurs-de-tri-recupellez-vos-appareils-electriques\\\/#primaryimage\"},\"thumbnailUrl\":\"https:\\\/\\\/round.be\\\/wp-content\\\/uploads\\\/2026\\\/04\\\/Clavier-Final-1.png\",\"articleSection\":[\"Campaigns\"],\"inLanguage\":\"fr-BE\",\"potentialAction\":[{\"@type\":\"CommentAction\",\"name\":\"Comment\",\"target\":[\"https:\\\/\\\/round.be\\\/fr-be\\\/erreurs-de-tri-recupellez-vos-appareils-electriques\\\/#respond\"]}]},{\"@type\":\"WebPage\",\"@id\":\"https:\\\/\\\/round.be\\\/fr-be\\\/erreurs-de-tri-recupellez-vos-appareils-electriques\\\/\",\"url\":\"https:\\\/\\\/round.be\\\/fr-be\\\/erreurs-de-tri-recupellez-vos-appareils-electriques\\\/\",\"name\":\"Erreurs de tri : Recupel invite les Belges \u00e0 \u00abRecupeller\u00bb leurs appareils \u00e9lectriques correctement - Round\",\"isPartOf\":{\"@id\":\"https:\\\/\\\/round.be\\\/fr-be\\\/#website\"},\"primaryImageOfPage\":{\"@id\":\"https:\\\/\\\/round.be\\\/fr-be\\\/erreurs-de-tri-recupellez-vos-appareils-electriques\\\/#primaryimage\"},\"image\":{\"@id\":\"https:\\\/\\\/round.be\\\/fr-be\\\/erreurs-de-tri-recupellez-vos-appareils-electriques\\\/#primaryimage\"},\"thumbnailUrl\":\"https:\\\/\\\/round.be\\\/wp-content\\\/uploads\\\/2026\\\/04\\\/Clavier-Final-1.png\",\"datePublished\":\"2026-04-30T09:32:37+00:00\",\"dateModified\":\"2026-04-30T09:39:53+00:00\",\"description\":\"Une r\u00e9cente \u00e9tude r\u00e9alis\u00e9e pour Recupel montre que les d\u00e9chets \u00e9lectriques sont encore trop souvent mal tri\u00e9s.\",\"breadcrumb\":{\"@id\":\"https:\\\/\\\/round.be\\\/fr-be\\\/erreurs-de-tri-recupellez-vos-appareils-electriques\\\/#breadcrumb\"},\"inLanguage\":\"fr-BE\",\"potentialAction\":[{\"@type\":\"ReadAction\",\"target\":[\"https:\\\/\\\/round.be\\\/fr-be\\\/erreurs-de-tri-recupellez-vos-appareils-electriques\\\/\"]}]},{\"@type\":\"ImageObject\",\"inLanguage\":\"fr-BE\",\"@id\":\"https:\\\/\\\/round.be\\\/fr-be\\\/erreurs-de-tri-recupellez-vos-appareils-electriques\\\/#primaryimage\",\"url\":\"https:\\\/\\\/round.be\\\/wp-content\\\/uploads\\\/2026\\\/04\\\/Clavier-Final-1.png\",\"contentUrl\":\"https:\\\/\\\/round.be\\\/wp-content\\\/uploads\\\/2026\\\/04\\\/Clavier-Final-1.png\",\"width\":1725,\"height\":1270},{\"@type\":\"BreadcrumbList\",\"@id\":\"https:\\\/\\\/round.be\\\/fr-be\\\/erreurs-de-tri-recupellez-vos-appareils-electriques\\\/#breadcrumb\",\"itemListElement\":[{\"@type\":\"ListItem\",\"position\":1,\"name\":\"Home\",\"item\":\"https:\\\/\\\/round.be\\\/fr-be\\\/\"},{\"@type\":\"ListItem\",\"position\":2,\"name\":\"Erreurs de tri : Recupel invite les Belges \u00e0 \u00abRecupeller\u00bb leurs appareils \u00e9lectriques correctement\"}]},{\"@type\":\"WebSite\",\"@id\":\"https:\\\/\\\/round.be\\\/fr-be\\\/#website\",\"url\":\"https:\\\/\\\/round.be\\\/fr-be\\\/\",\"name\":\"Round\",\"description\":\"\",\"publisher\":{\"@id\":\"https:\\\/\\\/round.be\\\/fr-be\\\/#organization\"},\"potentialAction\":[{\"@type\":\"SearchAction\",\"target\":{\"@type\":\"EntryPoint\",\"urlTemplate\":\"https:\\\/\\\/round.be\\\/fr-be\\\/?s={search_term_string}\"},\"query-input\":{\"@type\":\"PropertyValueSpecification\",\"valueRequired\":true,\"valueName\":\"search_term_string\"}}],\"inLanguage\":\"fr-BE\"},{\"@type\":\"Organization\",\"@id\":\"https:\\\/\\\/round.be\\\/fr-be\\\/#organization\",\"name\":\"Round\",\"url\":\"https:\\\/\\\/round.be\\\/fr-be\\\/\",\"logo\":{\"@type\":\"ImageObject\",\"inLanguage\":\"fr-BE\",\"@id\":\"https:\\\/\\\/round.be\\\/fr-be\\\/#\\\/schema\\\/logo\\\/image\\\/\",\"url\":\"https:\\\/\\\/round.be\\\/wp-content\\\/uploads\\\/2024\\\/02\\\/5d61fbf0a075c870cbbe38f290a36dd8.png\",\"contentUrl\":\"https:\\\/\\\/round.be\\\/wp-content\\\/uploads\\\/2024\\\/02\\\/5d61fbf0a075c870cbbe38f290a36dd8.png\",\"width\":1879,\"height\":689,\"caption\":\"Round\"},\"image\":{\"@id\":\"https:\\\/\\\/round.be\\\/fr-be\\\/#\\\/schema\\\/logo\\\/image\\\/\"}},{\"@type\":\"Person\",\"@id\":\"https:\\\/\\\/round.be\\\/fr-be\\\/#\\\/schema\\\/person\\\/7ce23f2c5f0d603cfa5e2561833c1e34\",\"name\":\"Chiara Rozenberg\",\"image\":{\"@type\":\"ImageObject\",\"inLanguage\":\"fr-BE\",\"@id\":\"https:\\\/\\\/secure.gravatar.com\\\/avatar\\\/a60fd3d3be3d3982533a5a97fb0951b5caf41ea91766bece55cd539162db7583?s=96&d=mm&r=g\",\"url\":\"https:\\\/\\\/secure.gravatar.com\\\/avatar\\\/a60fd3d3be3d3982533a5a97fb0951b5caf41ea91766bece55cd539162db7583?s=96&d=mm&r=g\",\"contentUrl\":\"https:\\\/\\\/secure.gravatar.com\\\/avatar\\\/a60fd3d3be3d3982533a5a97fb0951b5caf41ea91766bece55cd539162db7583?s=96&d=mm&r=g\",\"caption\":\"Chiara Rozenberg\"},\"url\":\"https:\\\/\\\/round.be\\\/fr-be\\\/author\\\/chiara-rozenberg\\\/\"}]}<\/script>\n<!-- \/ Yoast SEO plugin. -->","yoast_head_json":{"title":"Erreurs de tri : Recupel invite les Belges \u00e0 \u00abRecupeller\u00bb leurs appareils \u00e9lectriques correctement - Round","description":"Une r\u00e9cente \u00e9tude r\u00e9alis\u00e9e pour Recupel montre que les d\u00e9chets \u00e9lectriques sont encore trop souvent mal tri\u00e9s.","robots":{"index":"index","follow":"follow","max-snippet":"max-snippet:-1","max-image-preview":"max-image-preview:large","max-video-preview":"max-video-preview:-1"},"canonical":"https:\/\/round.be\/fr-be\/erreurs-de-tri-recupellez-vos-appareils-electriques\/","og_locale":"fr_FR","og_type":"article","og_title":"Erreurs de tri : Recupel invite les Belges \u00e0 \u00abRecupeller\u00bb leurs appareils \u00e9lectriques correctement - Round","og_description":"Une r\u00e9cente \u00e9tude r\u00e9alis\u00e9e pour Recupel montre que les d\u00e9chets \u00e9lectriques sont encore trop souvent mal tri\u00e9s.","og_url":"https:\/\/round.be\/fr-be\/erreurs-de-tri-recupellez-vos-appareils-electriques\/","og_site_name":"Round","article_published_time":"2026-04-30T09:32:37+00:00","article_modified_time":"2026-04-30T09:39:53+00:00","og_image":[{"width":1725,"height":1270,"url":"https:\/\/round.be\/wp-content\/uploads\/2026\/04\/Clavier-Final-1.png","type":"image\/png"}],"author":"Chiara Rozenberg","twitter_card":"summary_large_image","twitter_misc":{"\u00c9crit par":"Chiara Rozenberg","Dur\u00e9e de lecture est.":"4 minutes"},"schema":{"@context":"https:\/\/schema.org","@graph":[{"@type":"Article","@id":"https:\/\/round.be\/fr-be\/erreurs-de-tri-recupellez-vos-appareils-electriques\/#article","isPartOf":{"@id":"https:\/\/round.be\/fr-be\/erreurs-de-tri-recupellez-vos-appareils-electriques\/"},"author":{"name":"Chiara Rozenberg","@id":"https:\/\/round.be\/fr-be\/#\/schema\/person\/7ce23f2c5f0d603cfa5e2561833c1e34"},"headline":"Erreurs de tri : Recupel invite les Belges \u00e0 \u00abRecupeller\u00bb leurs appareils \u00e9lectriques correctement","datePublished":"2026-04-30T09:32:37+00:00","dateModified":"2026-04-30T09:39:53+00:00","mainEntityOfPage":{"@id":"https:\/\/round.be\/fr-be\/erreurs-de-tri-recupellez-vos-appareils-electriques\/"},"wordCount":839,"commentCount":0,"publisher":{"@id":"https:\/\/round.be\/fr-be\/#organization"},"image":{"@id":"https:\/\/round.be\/fr-be\/erreurs-de-tri-recupellez-vos-appareils-electriques\/#primaryimage"},"thumbnailUrl":"https:\/\/round.be\/wp-content\/uploads\/2026\/04\/Clavier-Final-1.png","articleSection":["Campaigns"],"inLanguage":"fr-BE","potentialAction":[{"@type":"CommentAction","name":"Comment","target":["https:\/\/round.be\/fr-be\/erreurs-de-tri-recupellez-vos-appareils-electriques\/#respond"]}]},{"@type":"WebPage","@id":"https:\/\/round.be\/fr-be\/erreurs-de-tri-recupellez-vos-appareils-electriques\/","url":"https:\/\/round.be\/fr-be\/erreurs-de-tri-recupellez-vos-appareils-electriques\/","name":"Erreurs de tri : Recupel invite les Belges \u00e0 \u00abRecupeller\u00bb leurs appareils \u00e9lectriques correctement - Round","isPartOf":{"@id":"https:\/\/round.be\/fr-be\/#website"},"primaryImageOfPage":{"@id":"https:\/\/round.be\/fr-be\/erreurs-de-tri-recupellez-vos-appareils-electriques\/#primaryimage"},"image":{"@id":"https:\/\/round.be\/fr-be\/erreurs-de-tri-recupellez-vos-appareils-electriques\/#primaryimage"},"thumbnailUrl":"https:\/\/round.be\/wp-content\/uploads\/2026\/04\/Clavier-Final-1.png","datePublished":"2026-04-30T09:32:37+00:00","dateModified":"2026-04-30T09:39:53+00:00","description":"Une r\u00e9cente \u00e9tude r\u00e9alis\u00e9e pour Recupel montre que les d\u00e9chets \u00e9lectriques sont encore trop souvent mal tri\u00e9s.","breadcrumb":{"@id":"https:\/\/round.be\/fr-be\/erreurs-de-tri-recupellez-vos-appareils-electriques\/#breadcrumb"},"inLanguage":"fr-BE","potentialAction":[{"@type":"ReadAction","target":["https:\/\/round.be\/fr-be\/erreurs-de-tri-recupellez-vos-appareils-electriques\/"]}]},{"@type":"ImageObject","inLanguage":"fr-BE","@id":"https:\/\/round.be\/fr-be\/erreurs-de-tri-recupellez-vos-appareils-electriques\/#primaryimage","url":"https:\/\/round.be\/wp-content\/uploads\/2026\/04\/Clavier-Final-1.png","contentUrl":"https:\/\/round.be\/wp-content\/uploads\/2026\/04\/Clavier-Final-1.png","width":1725,"height":1270},{"@type":"BreadcrumbList","@id":"https:\/\/round.be\/fr-be\/erreurs-de-tri-recupellez-vos-appareils-electriques\/#breadcrumb","itemListElement":[{"@type":"ListItem","position":1,"name":"Home","item":"https:\/\/round.be\/fr-be\/"},{"@type":"ListItem","position":2,"name":"Erreurs de tri : Recupel invite les Belges \u00e0 \u00abRecupeller\u00bb leurs appareils \u00e9lectriques correctement"}]},{"@type":"WebSite","@id":"https:\/\/round.be\/fr-be\/#website","url":"https:\/\/round.be\/fr-be\/","name":"Round","description":"","publisher":{"@id":"https:\/\/round.be\/fr-be\/#organization"},"potentialAction":[{"@type":"SearchAction","target":{"@type":"EntryPoint","urlTemplate":"https:\/\/round.be\/fr-be\/?s={search_term_string}"},"query-input":{"@type":"PropertyValueSpecification","valueRequired":true,"valueName":"search_term_string"}}],"inLanguage":"fr-BE"},{"@type":"Organization","@id":"https:\/\/round.be\/fr-be\/#organization","name":"Round","url":"https:\/\/round.be\/fr-be\/","logo":{"@type":"ImageObject","inLanguage":"fr-BE","@id":"https:\/\/round.be\/fr-be\/#\/schema\/logo\/image\/","url":"https:\/\/round.be\/wp-content\/uploads\/2024\/02\/5d61fbf0a075c870cbbe38f290a36dd8.png","contentUrl":"https:\/\/round.be\/wp-content\/uploads\/2024\/02\/5d61fbf0a075c870cbbe38f290a36dd8.png","width":1879,"height":689,"caption":"Round"},"image":{"@id":"https:\/\/round.be\/fr-be\/#\/schema\/logo\/image\/"}},{"@type":"Person","@id":"https:\/\/round.be\/fr-be\/#\/schema\/person\/7ce23f2c5f0d603cfa5e2561833c1e34","name":"Chiara Rozenberg","image":{"@type":"ImageObject","inLanguage":"fr-BE","@id":"https:\/\/secure.gravatar.com\/avatar\/a60fd3d3be3d3982533a5a97fb0951b5caf41ea91766bece55cd539162db7583?s=96&d=mm&r=g","url":"https:\/\/secure.gravatar.com\/avatar\/a60fd3d3be3d3982533a5a97fb0951b5caf41ea91766bece55cd539162db7583?s=96&d=mm&r=g","contentUrl":"https:\/\/secure.gravatar.com\/avatar\/a60fd3d3be3d3982533a5a97fb0951b5caf41ea91766bece55cd539162db7583?s=96&d=mm&r=g","caption":"Chiara Rozenberg"},"url":"https:\/\/round.be\/fr-be\/author\/chiara-rozenberg\/"}]}},"uagb_featured_image_src":{"full":["https:\/\/round.be\/wp-content\/uploads\/2026\/04\/Clavier-Final-1.png",1725,1270,false],"thumbnail":["https:\/\/round.be\/wp-content\/uploads\/2026\/04\/Clavier-Final-1-150x150.png",150,150,true],"medium":["https:\/\/round.be\/wp-content\/uploads\/2026\/04\/Clavier-Final-1-300x221.png",300,221,true],"medium_large":["https:\/\/round.be\/wp-content\/uploads\/2026\/04\/Clavier-Final-1-768x565.png",768,565,true],"large":["https:\/\/round.be\/wp-content\/uploads\/2026\/04\/Clavier-Final-1-1024x754.png",1024,754,true],"1536x1536":["https:\/\/round.be\/wp-content\/uploads\/2026\/04\/Clavier-Final-1-1536x1131.png",1536,1131,true],"2048x2048":["https:\/\/round.be\/wp-content\/uploads\/2026\/04\/Clavier-Final-1.png",1725,1270,false]},"uagb_author_info":{"display_name":"Chiara Rozenberg","author_link":"https:\/\/round.be\/fr-be\/author\/chiara-rozenberg\/"},"uagb_comment_info":0,"uagb_excerpt":"Une r\u00e9cente \u00e9tude r\u00e9alis\u00e9e pour Recupel montre que les d\u00e9chets \u00e9lectriques sont encore trop souvent mal tri\u00e9s. Une r\u00e9cente \u00e9tude de march\u00e9 r\u00e9alis\u00e9e pour Recupel montre que les d\u00e9chets \u00e9lectriques sont encore trop souvent mal tri\u00e9s. C\u2019est dommage, car un bon tri permet de r\u00e9cup\u00e9rer les mat\u00e9riaux qui composent un appareil, d\u2019extraire moins de nouvelles&hellip;","_links":{"self":[{"href":"https:\/\/round.be\/fr-be\/wp-json\/wp\/v2\/posts\/2421","targetHints":{"allow":["GET"]}}],"collection":[{"href":"https:\/\/round.be\/fr-be\/wp-json\/wp\/v2\/posts"}],"about":[{"href":"https:\/\/round.be\/fr-be\/wp-json\/wp\/v2\/types\/post"}],"author":[{"embeddable":true,"href":"https:\/\/round.be\/fr-be\/wp-json\/wp\/v2\/users\/12"}],"replies":[{"embeddable":true,"href":"https:\/\/round.be\/fr-be\/wp-json\/wp\/v2\/comments?post=2421"}],"version-history":[{"count":11,"href":"https:\/\/round.be\/fr-be\/wp-json\/wp\/v2\/posts\/2421\/revisions"}],"predecessor-version":[{"id":2473,"href":"https:\/\/round.be\/fr-be\/wp-json\/wp\/v2\/posts\/2421\/revisions\/2473"}],"wp:featuredmedia":[{"embeddable":true,"href":"https:\/\/round.be\/fr-be\/wp-json\/wp\/v2\/media\/2456"}],"wp:attachment":[{"href":"https:\/\/round.be\/fr-be\/wp-json\/wp\/v2\/media?parent=2421"}],"wp:term":[{"taxonomy":"category","embeddable":true,"href":"https:\/\/round.be\/fr-be\/wp-json\/wp\/v2\/categories?post=2421"},{"taxonomy":"post_tag","embeddable":true,"href":"https:\/\/round.be\/fr-be\/wp-json\/wp\/v2\/tags?post=2421"}],"curies":[{"name":"wp","href":"https:\/\/api.w.org\/{rel}","templated":true}]}}