{"id":1472,"date":"2025-10-02T14:59:10","date_gmt":"2025-10-02T14:59:10","guid":{"rendered":"https:\/\/round.be\/?p=1472"},"modified":"2025-10-02T15:02:07","modified_gmt":"2025-10-02T15:02:07","slug":"chaque-voiture-recyclee-permet-deconomiser-3-400-kg-de-co%e2%82%82-eq","status":"publish","type":"post","link":"https:\/\/round.be\/fr-be\/chaque-voiture-recyclee-permet-deconomiser-3-400-kg-de-co%e2%82%82-eq\/","title":{"rendered":"Chaque voiture recycl\u00e9e\u00a0permet d&rsquo;\u00e9conomiser 3.400 kg de CO\u2082 eq"},"content":{"rendered":"\n<p>Quel est l&rsquo;impact climatique du recyclage d&rsquo;un v\u00e9hicule hors d&rsquo;usage ? Chez Febelauto, l&rsquo;organisme charg\u00e9 de la gestion du traitement des v\u00e9hicules hors d&rsquo;usage en Belgique, nous voulions non seulement le savoir, mais&nbsp;<strong>aussi<\/strong><strong>&nbsp;le calculer de mani\u00e8re objective<\/strong>. C&rsquo;est pourquoi nous avons command\u00e9 une \u00e9tude ind\u00e9pendante \u00e0 Eco Repair Score, en collaboration avec VITO.<\/p>\n\n\n\n<p style=\"padding-top:var(--wp--preset--spacing--20);padding-bottom:var(--wp--preset--spacing--20)\"><strong>3 400 kg de CO\u2082 eq par voiture !<\/strong><\/p>\n\n\n\n<p>Les r\u00e9sultats sont clairs :&nbsp;<strong>chaque voiture recycl\u00e9e de mani\u00e8re durable permet d&rsquo;\u00e9conomiser en moyenne 3.400 kg de CO\u2082-eq<\/strong>. Cela \u00e9quivaut \u00e0 l&rsquo;absorption annuelle de CO\u2082 de&nbsp;<strong>155 arbres adultes<\/strong>. Gr\u00e2ce \u00e0 la r\u00e9utilisation des pi\u00e8ces et au recyclage des m\u00e9taux, des plastiques et d&rsquo;autres mat\u00e9riaux, d&rsquo;\u00e9normes quantit\u00e9s d&rsquo;\u00e9nergie et de mati\u00e8res premi\u00e8res sont \u00e9conomis\u00e9es.<\/p>\n\n\n\n<p style=\"padding-top:var(--wp--preset--spacing--20);padding-bottom:var(--wp--preset--spacing--20)\"><strong>Pourquoi est-ce important ?<\/strong><\/p>\n\n\n\n<ul class=\"wp-block-list\">\n<li><strong>Pour les consommateurs :<\/strong>\u00a0votre vieille voiture hors d\u2019usage a encore de la valeur. En l&rsquo;apportant \u00e0 un point de collecte agr\u00e9\u00e9, vous contribuez directement \u00e0 la r\u00e9duction des \u00e9missions de CO\u2082, mais aussi \u00e0 la r\u00e9utilisation des pi\u00e8ces encore utilisables et \u00e0 la r\u00e9cup\u00e9ration de mati\u00e8res premi\u00e8res pr\u00e9cieuses.<\/li>\n\n\n\n<li><strong>Pour les importateurs automobiles, les soci\u00e9t\u00e9s de leasing et les assureurs<\/strong>. Ils peuvent int\u00e9grer ces chiffres dans leurs rapports sur le d\u00e9veloppement durable (VSME\/CSRD). Cela prouve noir sur blanc leur contribution au climat et \u00e0 l&rsquo;\u00e9conomie circulaire.<\/li>\n\n\n\n<li><strong>Les entreprises et les pouvoirs publics\u00a0<\/strong>peuvent \u00e9galement utiliser ces chiffres dans le cadre de leur politique de d\u00e9veloppement durable. Votre flotte mise au rebut = un gain pour le climat.<\/li>\n<\/ul>\n\n\n\n<p style=\"padding-top:var(--wp--preset--spacing--10);padding-bottom:var(--wp--preset--spacing--10)\"><strong>Pour la plan\u00e8te :<\/strong>&nbsp;la Belgique d\u00e9pend fortement des mati\u00e8res premi\u00e8res import\u00e9es. Chaque voiture correctement recycl\u00e9e&nbsp;<\/p>\n\n\n\n<p style=\"padding-top:var(--wp--preset--spacing--20);padding-bottom:var(--wp--preset--spacing--20)\"><strong>Ensemble, faisons bouger les choses<\/strong><\/p>\n\n\n\n<p>L&rsquo;\u00e9tude sur le CO\u2082 montre que le recyclage va bien au-del\u00e0 de la gestion des d\u00e9chets. Plus le nombre de v\u00e9hicules qui b\u00e9n\u00e9ficient d&rsquo;une seconde vie via la voie officielle est \u00e9lev\u00e9, plus les gains sont importants pour tout le monde.<\/p>\n\n\n\n<p>D\u00e9couvrez l&rsquo;\u00e9tude compl\u00e8te et comment vous ou votre organisation pouvez avoir un impact :<\/p>\n\n\n\n<p style=\"padding-top:var(--wp--preset--spacing--10);padding-bottom:var(--wp--preset--spacing--10)\"><a href=\"https:\/\/www.febelauto.be\/fr\/rentrer-un-vehicule\/etude-co2-recyclage-automobile\">Lisez l&rsquo;\u00e9tude sur le CO\u2082 de Febelauto<\/a><\/p>\n","protected":false},"excerpt":{"rendered":"<p>Quel est l&rsquo;impact climatique du recyclage d&rsquo;un v\u00e9hicule hors d&rsquo;usage ? Chez Febelauto, l&rsquo;organisme charg\u00e9 de la gestion du traitement des v\u00e9hicules hors d&rsquo;usage en Belgique, nous voulions non seulement le savoir, mais&nbsp;aussi&nbsp;le calculer de mani\u00e8re objective. C&rsquo;est pourquoi nous avons command\u00e9 une \u00e9tude ind\u00e9pendante \u00e0 Eco Repair Score, en collaboration avec VITO. 3 400 [&hellip;]<\/p>\n","protected":false},"author":9,"featured_media":1477,"comment_status":"open","ping_status":"closed","sticky":false,"template":"","format":"standard","meta":{"_acf_changed":false,"_uag_custom_page_level_css":"","footnotes":""},"categories":[21],"tags":[],"class_list":["post-1472","post","type-post","status-publish","format-standard","has-post-thumbnail","hentry","category-campaigns-fr-be"],"acf":[],"yoast_head":"<!-- This site is optimized with the Yoast SEO plugin v27.5 - https:\/\/yoast.com\/product\/yoast-seo-wordpress\/ -->\n<title>Chaque voiture recycl\u00e9e\u00a0permet d&#039;\u00e9conomiser 3.400 kg de CO\u2082 eq - Round<\/title>\n<meta name=\"robots\" content=\"index, follow, max-snippet:-1, max-image-preview:large, max-video-preview:-1\" \/>\n<link rel=\"canonical\" href=\"https:\/\/round.be\/fr-be\/chaque-voiture-recyclee-permet-deconomiser-3-400-kg-de-co%e2%82%82-eq\/\" \/>\n<meta property=\"og:locale\" content=\"fr_FR\" \/>\n<meta property=\"og:type\" content=\"article\" \/>\n<meta property=\"og:title\" content=\"Chaque voiture recycl\u00e9e\u00a0permet d&#039;\u00e9conomiser 3.400 kg de CO\u2082 eq - Round\" \/>\n<meta property=\"og:description\" content=\"Quel est l&rsquo;impact climatique du recyclage d&rsquo;un v\u00e9hicule hors d&rsquo;usage ? Chez Febelauto, l&rsquo;organisme charg\u00e9 de la gestion du traitement des v\u00e9hicules hors d&rsquo;usage en Belgique, nous voulions non seulement le savoir, mais&nbsp;aussi&nbsp;le calculer de mani\u00e8re objective. C&rsquo;est pourquoi nous avons command\u00e9 une \u00e9tude ind\u00e9pendante \u00e0 Eco Repair Score, en collaboration avec VITO. 3 400 [&hellip;]\" \/>\n<meta property=\"og:url\" content=\"https:\/\/round.be\/fr-be\/chaque-voiture-recyclee-permet-deconomiser-3-400-kg-de-co%e2%82%82-eq\/\" \/>\n<meta property=\"og:site_name\" content=\"Round\" \/>\n<meta property=\"article:published_time\" content=\"2025-10-02T14:59:10+00:00\" \/>\n<meta property=\"article:modified_time\" content=\"2025-10-02T15:02:07+00:00\" \/>\n<meta property=\"og:image\" content=\"https:\/\/round.be\/wp-content\/uploads\/2025\/08\/Circular-Race-header.png\" \/>\n\t<meta property=\"og:image:width\" content=\"1200\" \/>\n\t<meta property=\"og:image:height\" content=\"400\" \/>\n\t<meta property=\"og:image:type\" content=\"image\/png\" \/>\n<meta name=\"author\" content=\"Yade Truijens\" \/>\n<meta name=\"twitter:card\" content=\"summary_large_image\" \/>\n<meta name=\"twitter:label1\" content=\"\u00c9crit par\" \/>\n\t<meta name=\"twitter:data1\" content=\"Yade Truijens\" \/>\n\t<meta name=\"twitter:label2\" content=\"Dur\u00e9e de lecture est.\" \/>\n\t<meta name=\"twitter:data2\" content=\"2 minutes\" \/>\n<script type=\"application\/ld+json\" class=\"yoast-schema-graph\">{\"@context\":\"https:\\\/\\\/schema.org\",\"@graph\":[{\"@type\":\"Article\",\"@id\":\"https:\\\/\\\/round.be\\\/fr-be\\\/chaque-voiture-recyclee-permet-deconomiser-3-400-kg-de-co%e2%82%82-eq\\\/#article\",\"isPartOf\":{\"@id\":\"https:\\\/\\\/round.be\\\/fr-be\\\/chaque-voiture-recyclee-permet-deconomiser-3-400-kg-de-co%e2%82%82-eq\\\/\"},\"author\":{\"name\":\"Yade Truijens\",\"@id\":\"https:\\\/\\\/round.be\\\/fr-be\\\/#\\\/schema\\\/person\\\/1ff9e18ce66cfcfe1b937101fe3a2229\"},\"headline\":\"Chaque voiture recycl\u00e9e\u00a0permet d&rsquo;\u00e9conomiser 3.400 kg de CO\u2082 eq\",\"datePublished\":\"2025-10-02T14:59:10+00:00\",\"dateModified\":\"2025-10-02T15:02:07+00:00\",\"mainEntityOfPage\":{\"@id\":\"https:\\\/\\\/round.be\\\/fr-be\\\/chaque-voiture-recyclee-permet-deconomiser-3-400-kg-de-co%e2%82%82-eq\\\/\"},\"wordCount\":381,\"commentCount\":0,\"publisher\":{\"@id\":\"https:\\\/\\\/round.be\\\/fr-be\\\/#organization\"},\"image\":{\"@id\":\"https:\\\/\\\/round.be\\\/fr-be\\\/chaque-voiture-recyclee-permet-deconomiser-3-400-kg-de-co%e2%82%82-eq\\\/#primaryimage\"},\"thumbnailUrl\":\"https:\\\/\\\/round.be\\\/wp-content\\\/uploads\\\/2025\\\/10\\\/IMG_9063-2.jpg\",\"articleSection\":[\"Campaigns\"],\"inLanguage\":\"fr-BE\",\"potentialAction\":[{\"@type\":\"CommentAction\",\"name\":\"Comment\",\"target\":[\"https:\\\/\\\/round.be\\\/fr-be\\\/chaque-voiture-recyclee-permet-deconomiser-3-400-kg-de-co%e2%82%82-eq\\\/#respond\"]}]},{\"@type\":\"WebPage\",\"@id\":\"https:\\\/\\\/round.be\\\/fr-be\\\/chaque-voiture-recyclee-permet-deconomiser-3-400-kg-de-co%e2%82%82-eq\\\/\",\"url\":\"https:\\\/\\\/round.be\\\/fr-be\\\/chaque-voiture-recyclee-permet-deconomiser-3-400-kg-de-co%e2%82%82-eq\\\/\",\"name\":\"Chaque voiture recycl\u00e9e\u00a0permet d'\u00e9conomiser 3.400 kg de CO\u2082 eq - Round\",\"isPartOf\":{\"@id\":\"https:\\\/\\\/round.be\\\/fr-be\\\/#website\"},\"primaryImageOfPage\":{\"@id\":\"https:\\\/\\\/round.be\\\/fr-be\\\/chaque-voiture-recyclee-permet-deconomiser-3-400-kg-de-co%e2%82%82-eq\\\/#primaryimage\"},\"image\":{\"@id\":\"https:\\\/\\\/round.be\\\/fr-be\\\/chaque-voiture-recyclee-permet-deconomiser-3-400-kg-de-co%e2%82%82-eq\\\/#primaryimage\"},\"thumbnailUrl\":\"https:\\\/\\\/round.be\\\/wp-content\\\/uploads\\\/2025\\\/10\\\/IMG_9063-2.jpg\",\"datePublished\":\"2025-10-02T14:59:10+00:00\",\"dateModified\":\"2025-10-02T15:02:07+00:00\",\"breadcrumb\":{\"@id\":\"https:\\\/\\\/round.be\\\/fr-be\\\/chaque-voiture-recyclee-permet-deconomiser-3-400-kg-de-co%e2%82%82-eq\\\/#breadcrumb\"},\"inLanguage\":\"fr-BE\",\"potentialAction\":[{\"@type\":\"ReadAction\",\"target\":[\"https:\\\/\\\/round.be\\\/fr-be\\\/chaque-voiture-recyclee-permet-deconomiser-3-400-kg-de-co%e2%82%82-eq\\\/\"]}]},{\"@type\":\"ImageObject\",\"inLanguage\":\"fr-BE\",\"@id\":\"https:\\\/\\\/round.be\\\/fr-be\\\/chaque-voiture-recyclee-permet-deconomiser-3-400-kg-de-co%e2%82%82-eq\\\/#primaryimage\",\"url\":\"https:\\\/\\\/round.be\\\/wp-content\\\/uploads\\\/2025\\\/10\\\/IMG_9063-2.jpg\",\"contentUrl\":\"https:\\\/\\\/round.be\\\/wp-content\\\/uploads\\\/2025\\\/10\\\/IMG_9063-2.jpg\",\"width\":2000,\"height\":778},{\"@type\":\"BreadcrumbList\",\"@id\":\"https:\\\/\\\/round.be\\\/fr-be\\\/chaque-voiture-recyclee-permet-deconomiser-3-400-kg-de-co%e2%82%82-eq\\\/#breadcrumb\",\"itemListElement\":[{\"@type\":\"ListItem\",\"position\":1,\"name\":\"Home\",\"item\":\"https:\\\/\\\/round.be\\\/fr-be\\\/\"},{\"@type\":\"ListItem\",\"position\":2,\"name\":\"Chaque voiture recycl\u00e9e\u00a0permet d&#8217;\u00e9conomiser 3.400 kg de CO\u2082 eq\"}]},{\"@type\":\"WebSite\",\"@id\":\"https:\\\/\\\/round.be\\\/fr-be\\\/#website\",\"url\":\"https:\\\/\\\/round.be\\\/fr-be\\\/\",\"name\":\"Round\",\"description\":\"\",\"publisher\":{\"@id\":\"https:\\\/\\\/round.be\\\/fr-be\\\/#organization\"},\"potentialAction\":[{\"@type\":\"SearchAction\",\"target\":{\"@type\":\"EntryPoint\",\"urlTemplate\":\"https:\\\/\\\/round.be\\\/fr-be\\\/?s={search_term_string}\"},\"query-input\":{\"@type\":\"PropertyValueSpecification\",\"valueRequired\":true,\"valueName\":\"search_term_string\"}}],\"inLanguage\":\"fr-BE\"},{\"@type\":\"Organization\",\"@id\":\"https:\\\/\\\/round.be\\\/fr-be\\\/#organization\",\"name\":\"Round\",\"url\":\"https:\\\/\\\/round.be\\\/fr-be\\\/\",\"logo\":{\"@type\":\"ImageObject\",\"inLanguage\":\"fr-BE\",\"@id\":\"https:\\\/\\\/round.be\\\/fr-be\\\/#\\\/schema\\\/logo\\\/image\\\/\",\"url\":\"https:\\\/\\\/round.be\\\/wp-content\\\/uploads\\\/2024\\\/02\\\/5d61fbf0a075c870cbbe38f290a36dd8.png\",\"contentUrl\":\"https:\\\/\\\/round.be\\\/wp-content\\\/uploads\\\/2024\\\/02\\\/5d61fbf0a075c870cbbe38f290a36dd8.png\",\"width\":1879,\"height\":689,\"caption\":\"Round\"},\"image\":{\"@id\":\"https:\\\/\\\/round.be\\\/fr-be\\\/#\\\/schema\\\/logo\\\/image\\\/\"}},{\"@type\":\"Person\",\"@id\":\"https:\\\/\\\/round.be\\\/fr-be\\\/#\\\/schema\\\/person\\\/1ff9e18ce66cfcfe1b937101fe3a2229\",\"name\":\"Yade Truijens\",\"image\":{\"@type\":\"ImageObject\",\"inLanguage\":\"fr-BE\",\"@id\":\"https:\\\/\\\/secure.gravatar.com\\\/avatar\\\/2f29f7d6d77a9ab186608415c21ca8f297fcb70a517a55daf6b516722130158f?s=96&d=mm&r=g\",\"url\":\"https:\\\/\\\/secure.gravatar.com\\\/avatar\\\/2f29f7d6d77a9ab186608415c21ca8f297fcb70a517a55daf6b516722130158f?s=96&d=mm&r=g\",\"contentUrl\":\"https:\\\/\\\/secure.gravatar.com\\\/avatar\\\/2f29f7d6d77a9ab186608415c21ca8f297fcb70a517a55daf6b516722130158f?s=96&d=mm&r=g\",\"caption\":\"Yade Truijens\"},\"url\":\"https:\\\/\\\/round.be\\\/fr-be\\\/author\\\/yade-truijens\\\/\"}]}<\/script>\n<!-- \/ Yoast SEO plugin. -->","yoast_head_json":{"title":"Chaque voiture recycl\u00e9e\u00a0permet d'\u00e9conomiser 3.400 kg de CO\u2082 eq - Round","robots":{"index":"index","follow":"follow","max-snippet":"max-snippet:-1","max-image-preview":"max-image-preview:large","max-video-preview":"max-video-preview:-1"},"canonical":"https:\/\/round.be\/fr-be\/chaque-voiture-recyclee-permet-deconomiser-3-400-kg-de-co%e2%82%82-eq\/","og_locale":"fr_FR","og_type":"article","og_title":"Chaque voiture recycl\u00e9e\u00a0permet d'\u00e9conomiser 3.400 kg de CO\u2082 eq - Round","og_description":"Quel est l&rsquo;impact climatique du recyclage d&rsquo;un v\u00e9hicule hors d&rsquo;usage ? Chez Febelauto, l&rsquo;organisme charg\u00e9 de la gestion du traitement des v\u00e9hicules hors d&rsquo;usage en Belgique, nous voulions non seulement le savoir, mais&nbsp;aussi&nbsp;le calculer de mani\u00e8re objective. C&rsquo;est pourquoi nous avons command\u00e9 une \u00e9tude ind\u00e9pendante \u00e0 Eco Repair Score, en collaboration avec VITO. 3 400 [&hellip;]","og_url":"https:\/\/round.be\/fr-be\/chaque-voiture-recyclee-permet-deconomiser-3-400-kg-de-co%e2%82%82-eq\/","og_site_name":"Round","article_published_time":"2025-10-02T14:59:10+00:00","article_modified_time":"2025-10-02T15:02:07+00:00","og_image":[{"width":1200,"height":400,"url":"https:\/\/round.be\/wp-content\/uploads\/2025\/08\/Circular-Race-header.png","type":"image\/png"}],"author":"Yade Truijens","twitter_card":"summary_large_image","twitter_misc":{"\u00c9crit par":"Yade Truijens","Dur\u00e9e de lecture est.":"2 minutes"},"schema":{"@context":"https:\/\/schema.org","@graph":[{"@type":"Article","@id":"https:\/\/round.be\/fr-be\/chaque-voiture-recyclee-permet-deconomiser-3-400-kg-de-co%e2%82%82-eq\/#article","isPartOf":{"@id":"https:\/\/round.be\/fr-be\/chaque-voiture-recyclee-permet-deconomiser-3-400-kg-de-co%e2%82%82-eq\/"},"author":{"name":"Yade Truijens","@id":"https:\/\/round.be\/fr-be\/#\/schema\/person\/1ff9e18ce66cfcfe1b937101fe3a2229"},"headline":"Chaque voiture recycl\u00e9e\u00a0permet d&rsquo;\u00e9conomiser 3.400 kg de CO\u2082 eq","datePublished":"2025-10-02T14:59:10+00:00","dateModified":"2025-10-02T15:02:07+00:00","mainEntityOfPage":{"@id":"https:\/\/round.be\/fr-be\/chaque-voiture-recyclee-permet-deconomiser-3-400-kg-de-co%e2%82%82-eq\/"},"wordCount":381,"commentCount":0,"publisher":{"@id":"https:\/\/round.be\/fr-be\/#organization"},"image":{"@id":"https:\/\/round.be\/fr-be\/chaque-voiture-recyclee-permet-deconomiser-3-400-kg-de-co%e2%82%82-eq\/#primaryimage"},"thumbnailUrl":"https:\/\/round.be\/wp-content\/uploads\/2025\/10\/IMG_9063-2.jpg","articleSection":["Campaigns"],"inLanguage":"fr-BE","potentialAction":[{"@type":"CommentAction","name":"Comment","target":["https:\/\/round.be\/fr-be\/chaque-voiture-recyclee-permet-deconomiser-3-400-kg-de-co%e2%82%82-eq\/#respond"]}]},{"@type":"WebPage","@id":"https:\/\/round.be\/fr-be\/chaque-voiture-recyclee-permet-deconomiser-3-400-kg-de-co%e2%82%82-eq\/","url":"https:\/\/round.be\/fr-be\/chaque-voiture-recyclee-permet-deconomiser-3-400-kg-de-co%e2%82%82-eq\/","name":"Chaque voiture recycl\u00e9e\u00a0permet d'\u00e9conomiser 3.400 kg de CO\u2082 eq - Round","isPartOf":{"@id":"https:\/\/round.be\/fr-be\/#website"},"primaryImageOfPage":{"@id":"https:\/\/round.be\/fr-be\/chaque-voiture-recyclee-permet-deconomiser-3-400-kg-de-co%e2%82%82-eq\/#primaryimage"},"image":{"@id":"https:\/\/round.be\/fr-be\/chaque-voiture-recyclee-permet-deconomiser-3-400-kg-de-co%e2%82%82-eq\/#primaryimage"},"thumbnailUrl":"https:\/\/round.be\/wp-content\/uploads\/2025\/10\/IMG_9063-2.jpg","datePublished":"2025-10-02T14:59:10+00:00","dateModified":"2025-10-02T15:02:07+00:00","breadcrumb":{"@id":"https:\/\/round.be\/fr-be\/chaque-voiture-recyclee-permet-deconomiser-3-400-kg-de-co%e2%82%82-eq\/#breadcrumb"},"inLanguage":"fr-BE","potentialAction":[{"@type":"ReadAction","target":["https:\/\/round.be\/fr-be\/chaque-voiture-recyclee-permet-deconomiser-3-400-kg-de-co%e2%82%82-eq\/"]}]},{"@type":"ImageObject","inLanguage":"fr-BE","@id":"https:\/\/round.be\/fr-be\/chaque-voiture-recyclee-permet-deconomiser-3-400-kg-de-co%e2%82%82-eq\/#primaryimage","url":"https:\/\/round.be\/wp-content\/uploads\/2025\/10\/IMG_9063-2.jpg","contentUrl":"https:\/\/round.be\/wp-content\/uploads\/2025\/10\/IMG_9063-2.jpg","width":2000,"height":778},{"@type":"BreadcrumbList","@id":"https:\/\/round.be\/fr-be\/chaque-voiture-recyclee-permet-deconomiser-3-400-kg-de-co%e2%82%82-eq\/#breadcrumb","itemListElement":[{"@type":"ListItem","position":1,"name":"Home","item":"https:\/\/round.be\/fr-be\/"},{"@type":"ListItem","position":2,"name":"Chaque voiture recycl\u00e9e\u00a0permet d&#8217;\u00e9conomiser 3.400 kg de CO\u2082 eq"}]},{"@type":"WebSite","@id":"https:\/\/round.be\/fr-be\/#website","url":"https:\/\/round.be\/fr-be\/","name":"Round","description":"","publisher":{"@id":"https:\/\/round.be\/fr-be\/#organization"},"potentialAction":[{"@type":"SearchAction","target":{"@type":"EntryPoint","urlTemplate":"https:\/\/round.be\/fr-be\/?s={search_term_string}"},"query-input":{"@type":"PropertyValueSpecification","valueRequired":true,"valueName":"search_term_string"}}],"inLanguage":"fr-BE"},{"@type":"Organization","@id":"https:\/\/round.be\/fr-be\/#organization","name":"Round","url":"https:\/\/round.be\/fr-be\/","logo":{"@type":"ImageObject","inLanguage":"fr-BE","@id":"https:\/\/round.be\/fr-be\/#\/schema\/logo\/image\/","url":"https:\/\/round.be\/wp-content\/uploads\/2024\/02\/5d61fbf0a075c870cbbe38f290a36dd8.png","contentUrl":"https:\/\/round.be\/wp-content\/uploads\/2024\/02\/5d61fbf0a075c870cbbe38f290a36dd8.png","width":1879,"height":689,"caption":"Round"},"image":{"@id":"https:\/\/round.be\/fr-be\/#\/schema\/logo\/image\/"}},{"@type":"Person","@id":"https:\/\/round.be\/fr-be\/#\/schema\/person\/1ff9e18ce66cfcfe1b937101fe3a2229","name":"Yade Truijens","image":{"@type":"ImageObject","inLanguage":"fr-BE","@id":"https:\/\/secure.gravatar.com\/avatar\/2f29f7d6d77a9ab186608415c21ca8f297fcb70a517a55daf6b516722130158f?s=96&d=mm&r=g","url":"https:\/\/secure.gravatar.com\/avatar\/2f29f7d6d77a9ab186608415c21ca8f297fcb70a517a55daf6b516722130158f?s=96&d=mm&r=g","contentUrl":"https:\/\/secure.gravatar.com\/avatar\/2f29f7d6d77a9ab186608415c21ca8f297fcb70a517a55daf6b516722130158f?s=96&d=mm&r=g","caption":"Yade Truijens"},"url":"https:\/\/round.be\/fr-be\/author\/yade-truijens\/"}]}},"uagb_featured_image_src":{"full":["https:\/\/round.be\/wp-content\/uploads\/2025\/10\/IMG_9063-2.jpg",2000,778,false],"thumbnail":["https:\/\/round.be\/wp-content\/uploads\/2025\/10\/IMG_9063-2-150x150.jpg",150,150,true],"medium":["https:\/\/round.be\/wp-content\/uploads\/2025\/10\/IMG_9063-2-300x117.jpg",300,117,true],"medium_large":["https:\/\/round.be\/wp-content\/uploads\/2025\/10\/IMG_9063-2-768x299.jpg",768,299,true],"large":["https:\/\/round.be\/wp-content\/uploads\/2025\/10\/IMG_9063-2-1024x398.jpg",1024,398,true],"1536x1536":["https:\/\/round.be\/wp-content\/uploads\/2025\/10\/IMG_9063-2-1536x598.jpg",1536,598,true],"2048x2048":["https:\/\/round.be\/wp-content\/uploads\/2025\/10\/IMG_9063-2.jpg",2000,778,false]},"uagb_author_info":{"display_name":"Yade Truijens","author_link":"https:\/\/round.be\/fr-be\/author\/yade-truijens\/"},"uagb_comment_info":0,"uagb_excerpt":"Quel est l&rsquo;impact climatique du recyclage d&rsquo;un v\u00e9hicule hors d&rsquo;usage ? Chez Febelauto, l&rsquo;organisme charg\u00e9 de la gestion du traitement des v\u00e9hicules hors d&rsquo;usage en Belgique, nous voulions non seulement le savoir, mais&nbsp;aussi&nbsp;le calculer de mani\u00e8re objective. C&rsquo;est pourquoi nous avons command\u00e9 une \u00e9tude ind\u00e9pendante \u00e0 Eco Repair Score, en collaboration avec VITO. 3 400&hellip;","_links":{"self":[{"href":"https:\/\/round.be\/fr-be\/wp-json\/wp\/v2\/posts\/1472","targetHints":{"allow":["GET"]}}],"collection":[{"href":"https:\/\/round.be\/fr-be\/wp-json\/wp\/v2\/posts"}],"about":[{"href":"https:\/\/round.be\/fr-be\/wp-json\/wp\/v2\/types\/post"}],"author":[{"embeddable":true,"href":"https:\/\/round.be\/fr-be\/wp-json\/wp\/v2\/users\/9"}],"replies":[{"embeddable":true,"href":"https:\/\/round.be\/fr-be\/wp-json\/wp\/v2\/comments?post=1472"}],"version-history":[{"count":1,"href":"https:\/\/round.be\/fr-be\/wp-json\/wp\/v2\/posts\/1472\/revisions"}],"predecessor-version":[{"id":1473,"href":"https:\/\/round.be\/fr-be\/wp-json\/wp\/v2\/posts\/1472\/revisions\/1473"}],"wp:featuredmedia":[{"embeddable":true,"href":"https:\/\/round.be\/fr-be\/wp-json\/wp\/v2\/media\/1477"}],"wp:attachment":[{"href":"https:\/\/round.be\/fr-be\/wp-json\/wp\/v2\/media?parent=1472"}],"wp:term":[{"taxonomy":"category","embeddable":true,"href":"https:\/\/round.be\/fr-be\/wp-json\/wp\/v2\/categories?post=1472"},{"taxonomy":"post_tag","embeddable":true,"href":"https:\/\/round.be\/fr-be\/wp-json\/wp\/v2\/tags?post=1472"}],"curies":[{"name":"wp","href":"https:\/\/api.w.org\/{rel}","templated":true}]}}